{"id":6678,"date":"2021-09-15T11:24:05","date_gmt":"2021-09-15T09:24:05","guid":{"rendered":"https:\/\/hayaenergy.com\/?p=6678"},"modified":"2021-09-15T14:58:15","modified_gmt":"2021-09-15T12:58:15","slug":"objectif-neutralite-carbone","status":"publish","type":"post","link":"https:\/\/hayaenergy.com\/fr\/objectif-neutralite-carbone\/","title":{"rendered":"Objectif : neutralit\u00e9 carbone"},"content":{"rendered":"<p style=\"text-align: justify;\">Lors de <a href=\"https:\/\/hayaenergy.com\/fr\/carbone-un-marche-sous-pression\/\">notre dernier article sur le march\u00e9 carbone<\/a> nous expliquions les diff\u00e9rentes phases du march\u00e9 ETS depuis sa mise en place en 2000 jusqu\u2019\u00e0 aujourd\u2019hui. En juin 2021, la Commission Europ\u00e9enne a publi\u00e9 le paquet \u00ab\u00a0Fit for 55\u00a0\u00bb, qui cible la r\u00e9duction des gaz \u00e0 effet de serre de -55% (par rapport \u00e0 1990) \u00e0 l\u2019horizon 2030. Ce paquet l\u00e9gislatif trace la trajectoire vers \u00a0l\u2019objectif final\u00a0: atteindre la neutralit\u00e9 carbone en 2050. Alors que le prix du carbone continue d\u2019augmenter, en d\u00e9passant les 60\u20ac\/T (EUA Dec21) fin ao\u00fbt\u00a0; la Commission Europ\u00e9enne soumet de nouvelles propositions pour arriver \u00e0 ses objectifs. Dans cet article, nous verrons les principales mesures qui seront examin\u00e9es d\u2019ici \u00e0 2023 par le Conseil et le Parlement Europ\u00e9en, et les cons\u00e9quences qu\u2019elles pourraient avoir sur les strat\u00e9gies des Etats membres, entreprises et consommateurs.<\/p>\n<p style=\"text-align: justify;\">Le march\u00e9 carbone est en constante \u00e9volution et tr\u00e8s incertain. Les objectifs \u00e0 atteindre sont clairs, un peu moins clair est le moyen d\u2019y arriver. Depuis la mise en place du march\u00e9 ETS, les obligations auxquelles doivent se plier les Etats membres ne cessent d\u2019\u00e9voluer et de se complexifier. En juillet 2021, dans le cadre du paquet \u00ab\u00a0Fit for 55\u00a0\u00bb, la Commission Europ\u00e9enne propose une l\u00e9gislation ambitieuse au vu des objectifs d\u2019\u00e9missions contraignants. Pour l\u2019instant, l\u2019accueil de ce changement semble \u00eatre favorable et, d\u2019ici \u00e0 2023, le Conseil europ\u00e9en examinera les actes l\u00e9gislatifs de ce paquet et entamera des n\u00e9gociations avec le Parlement europ\u00e9en pour finalement arriver \u00e0 un accord commun qui prendra en compte les diff\u00e9rentes situations \u00e9conomiques de chaque pays membre.<\/p>\n<p style=\"text-align: justify;\">Voyons maintenant les mesures qui semblent se complexifier pour certains acteurs, ainsi que les nouvelles mesures envisag\u00e9es.<\/p>\n<ul style=\"text-align: justify;\">\n<li>March\u00e9 ETS<\/li>\n<\/ul>\n<p style=\"text-align: justify;\">Le march\u00e9 ETS va observer une baisse du nombre de quotas d\u2019\u00e9mission mis en circulation, d\u00e8s l\u2019entr\u00e9e en vigueur du texte l\u00e9gislatif. En effet, la Commission propose d\u2019abaisser le plafond des quotas, de 4.2% par an contre 2.2% actuellement. La r\u00e9serve de stabilit\u00e9, qui avait \u00e9t\u00e9 mise en place pour \u00e9viter le surplus de quotas et faire augmenter le prix du carbone d\u00e8s 2019, va \u00e9galement \u00eatre renforc\u00e9e. Le but est d\u2019\u00e9viter un nouveau choc et ou d\u2019aboutir \u00e0 un prix de la tonne de carbone trop bas&#8230; Ces initiatives contribuent \u00e0 ce que le prix du carbone reste \u00e9lev\u00e9 de mani\u00e8re stable et continue m\u00eame d\u2019augmenter dans les ann\u00e9es \u00e0 venir.<\/p>\n<p style=\"text-align: justify;\">Entr\u00e9e du secteur maritime dans le march\u00e9 ETS\u00a0: Une grande premi\u00e8re car \u00e0 ce jour les \u00e9missions de ce secteur ne sont en effet couvertes par aucune r\u00e9glementation.<\/p>\n<p style=\"text-align: justify;\">D\u00e8s 2027, le secteur de l\u2019aviation, verrait une suppression de ses quotas gratuits. Actuellement, les compagnies a\u00e9riennes op\u00e9rant des vols intra-europ\u00e9ens b\u00e9n\u00e9ficient de 80% de quotas gratuits depuis leur entr\u00e9e dans le march\u00e9 en 2012.<\/p>\n<ul style=\"text-align: justify;\">\n<li>Refonte \u00e9nerg\u00e9tique<\/li>\n<\/ul>\n<p style=\"text-align: justify;\">La refonte \u00e9nerg\u00e9tique est un sujet primordial dans le paquet \u00ab\u00a0Fit for 55\u00a0\u00bb. La production et utilisation de l\u2019\u00e9nergie repr\u00e9sente 75% des \u00e9missions dans l\u2019UE. Les \u00e9nergies renouvelables devront atteindre une part de 40% dans le mix \u00e9nerg\u00e9tique europ\u00e9en contre 32.5% actuellement. Les \u00e9nergies renouvelables devront \u00eatre pr\u00e9sentes dans tous les secteurs et non pas seulement dans le secteur \u00e9lectrique\u00a0; par exemple dans le secteur du b\u00e2timent, les \u00e9nergies renouvelables devront repr\u00e9senter 49% de l\u2019\u00e9nergie utilis\u00e9e. La refonte \u00e9nerg\u00e9tique a pour but d\u2019acc\u00e9l\u00e9rer le d\u00e9ploiement des \u00e9nergies renouvelables.<\/p>\n<ul style=\"text-align: justify;\">\n<li>March\u00e9 parall\u00e8le pour \u00e9missions dans les secteurs routier et du b\u00e2timent<\/li>\n<\/ul>\n<p style=\"text-align: justify;\">Un second march\u00e9 carbone verrait le jour pour les secteurs du transport routier et du b\u00e2timent, les faire rentrer dans le march\u00e9 actuel ne les inciterait pas assez \u00e0 r\u00e9duire leurs \u00e9missions \u00e0 la vue du prix de la tonne de carbone (60\u20ac\/Tn). En cr\u00e9ant ce march\u00e9 parall\u00e8le qui vise les fournisseurs de carburant pour le transport routier ainsi que les fournisseurs de fioul pour le chauffage des b\u00e2timents, le prix de la tonne de carbone pourrait d\u00e9passer les 200\u20ac\/Tn. Aucun quota gratuit ne sera octroy\u00e9 mais un m\u00e9canisme sera mis en place pour \u00e9viter les pics de prix. Cette nouvelle mesure, ne fait pas l\u2019unanimit\u00e9\u00a0: il pourrait y avoir de lourdes cons\u00e9quences aupr\u00e8s des m\u00e9nages et certain redoutent des mouvements d\u2019indignation populaire. En effet, les consommateurs verraient une mont\u00e9e des prix de l\u2019essence, ainsi qu\u2019une augmentation dans leur facture de chauffage.<\/p>\n<ul style=\"text-align: justify;\">\n<li>M\u00e9canisme de taxe carbone aux fronti\u00e8res<\/li>\n<\/ul>\n<p style=\"text-align: justify;\">D\u00e8s 2026, il y aura un m\u00e9canisme de taxe carbone aux fronti\u00e8res. Le principe\u00a0: imposer un prix carbone \u00e0 certains produits import\u00e9s hors UE. Avec ce m\u00e9canisme, l\u2019UE essaye d\u2019\u00e9viter les fuites carbone (c\u2019est-\u00e0-dire les entreprises qui d\u00e9localiseraient leur production hors UE), de pr\u00e9server la comp\u00e9titivit\u00e9 europ\u00e9enne et d\u2019inciter les pays du tiers monde \u00e0 la r\u00e9duction des gaz \u00e0 effet de serre.<\/p>\n<p style=\"text-align: justify;\">Les secteurs du ciment, acier, fer, aluminium, engrais, \u00e9lectricit\u00e9 seront la cible de ce m\u00e9canisme d\u2019ajustement carbone aux fronti\u00e8res. Chaque ann\u00e9e, ces secteurs importent 170 millions de tonnes de Co2. A ce jour, certaines de ces activit\u00e9s b\u00e9n\u00e9ficient de quotas gratuits. Il serait question de diminuer progressivement ces derniers sur dix ans, au fur et \u00e0 mesure que le m\u00e9canisme de taxe carbone aux fronti\u00e8res rentre en vigueur. Les deux m\u00e9canismes prot\u00e8gent les industries, et aux yeux des lois de l\u2019OMC, il ne serait donc pas envisageable de les maintenir simultan\u00e9ment. Le but \u00e9tant, que ces industries se tournent vers une production moins carbon\u00e9e.<\/p>\n<p style=\"text-align: justify;\">Le m\u00e9canisme de taxe carbone aux fronti\u00e8res aura forc\u00e9ment un impact sur le march\u00e9 ETS.<\/p>\n<p style=\"text-align: justify;\">Des mesures qui \u00e9voluent dans un cadre qui se doit d\u2019\u00eatre coh\u00e9rent et \u00e9quilibr\u00e9 pour les pays membres de l\u2019UE. Certains acteurs doutent de l\u2019efficacit\u00e9 du m\u00e9canisme aux fronti\u00e8res\u00a0; sans parler de ceux qui craignent une r\u00e9volte des m\u00e9nages et des PME, plac\u00e9s en premi\u00e8re ligne. La Commission propose d\u00e9j\u00e0 la mise en place d\u2019un Fonds social pour le climat pour les plus impact\u00e9s. Avec la tendance haussi\u00e8re et l\u2019importante liquidit\u00e9 du march\u00e9 ETS, les fonds sp\u00e9culatifs sont de plus en plus pr\u00e9sents sur le march\u00e9 ETS\u00a0; les grands consommateurs d\u2019\u00e9lectricit\u00e9 leur attribuent l\u2019envol\u00e9e du prix du Co2 et demandent que la loi introduise une limitation des prises de positions extr\u00eames.<\/p>\n<p style=\"text-align: justify;\">Aux yeux du tiers monde, il semblerait que la sensibilisation \u00e0 la r\u00e9duction des gaz \u00e0 effet de serre commence \u00e0 faire effet. La Chine lance son propre march\u00e9 carbone, et cela aura forc\u00e9ment des r\u00e9percussions vis-\u00e0-vis de l\u2019Europe, pionni\u00e8re du march\u00e9 carbone.<\/p>\n<p style=\"text-align: justify;\">Finalement, les pays membres de l\u2019UE prennent au s\u00e9rieux la menace climatique et les pays d\u00e9velopp\u00e9s avancent s\u00e9rieusement vers une d\u00e9carbonation de leur \u00e9conomie. Les consommateurs devront concevoir des strat\u00e9gies d\u2019approvisionnement en tenant compte de la hausse du march\u00e9 carbone. Les producteurs devront int\u00e9grer ces limitations d\u2019\u00e9missions dans leurs strat\u00e9gies long terme, et les distributeurs devront s\u2019aligner avec la sensibilit\u00e9 du march\u00e9 carbone. Le monde change\u2026<\/p>\n<p style=\"text-align: right;\"><em>Ana Haya Sauvage<\/em><\/p>\n","protected":false},"excerpt":{"rendered":"<p>Lors de notre dernier article sur le march\u00e9 carbone nous expliquions les diff\u00e9rentes phases du march\u00e9 ETS depuis sa mise en place en 2000 jusqu\u2019\u00e0 aujourd\u2019hui. En juin 2021, la Commission Europ\u00e9enne a publi\u00e9 le paquet \u00ab\u00a0Fit for 55\u00a0\u00bb, qui cible la r\u00e9duction des gaz \u00e0 effet de serre de -55% (par rapport \u00e0 1990) [&hellip;]<\/p>\n","protected":false},"author":1,"featured_media":6679,"comment_status":"closed","ping_status":"open","sticky":false,"template":"","format":"standard","meta":{"site-sidebar-layout":"default","site-content-layout":"default","ast-site-content-layout":"default","site-content-style":"default","site-sidebar-style":"default","ast-global-header-display":"","ast-banner-title-visibility":"","ast-main-header-display":"","ast-hfb-above-header-display":"","ast-hfb-below-header-display":"","ast-hfb-mobile-header-display":"","site-post-title":"","ast-breadcrumbs-content":"","ast-featured-img":"","footer-sml-layout":"","ast-disable-related-posts":"","theme-transparent-header-meta":"default","adv-header-id-meta":"","stick-header-meta":"","header-above-stick-meta":"","header-main-stick-meta":"","header-below-stick-meta":"","astra-migrate-meta-layouts":"default","ast-page-background-enabled":"default","ast-page-background-meta":{"desktop":{"background-color":"","background-image":"","background-repeat":"repeat","background-position":"center center","background-size":"auto","background-attachment":"scroll","background-type":"","background-media":"","overlay-type":"","overlay-color":"","overlay-opacity":"","overlay-gradient":""},"tablet":{"background-color":"","background-image":"","background-repeat":"repeat","background-position":"center center","background-size":"auto","background-attachment":"scroll","background-type":"","background-media":"","overlay-type":"","overlay-color":"","overlay-opacity":"","overlay-gradient":""},"mobile":{"background-color":"","background-image":"","background-repeat":"repeat","background-position":"center center","background-size":"auto","background-attachment":"scroll","background-type":"","background-media":"","overlay-type":"","overlay-color":"","overlay-opacity":"","overlay-gradient":""}},"ast-content-background-meta":{"desktop":{"background-color":"var(--ast-global-color-5)","background-image":"","background-repeat":"repeat","background-position":"center center","background-size":"auto","background-attachment":"scroll","background-type":"","background-media":"","overlay-type":"","overlay-color":"","overlay-opacity":"","overlay-gradient":""},"tablet":{"background-color":"var(--ast-global-color-5)","background-image":"","background-repeat":"repeat","background-position":"center center","background-size":"auto","background-attachment":"scroll","background-type":"","background-media":"","overlay-type":"","overlay-color":"","overlay-opacity":"","overlay-gradient":""},"mobile":{"background-color":"var(--ast-global-color-5)","background-image":"","background-repeat":"repeat","background-position":"center center","background-size":"auto","background-attachment":"scroll","background-type":"","background-media":"","overlay-type":"","overlay-color":"","overlay-opacity":"","overlay-gradient":""}},"footnotes":""},"categories":[31],"tags":[],"yoast_head":"<!-- This site is optimized with the Yoast SEO plugin v24.5 - https:\/\/yoast.com\/wordpress\/plugins\/seo\/ -->\n<title>Objectif : neutralit\u00e9 carbone - Haya Energy Solutions<\/title>\n<meta name=\"robots\" content=\"index, follow, max-snippet:-1, max-image-preview:large, max-video-preview:-1\" \/>\n<link rel=\"canonical\" href=\"https:\/\/hayaenergy.com\/fr\/objectif-neutralite-carbone\/\" \/>\n<meta property=\"og:locale\" content=\"fr_FR\" \/>\n<meta property=\"og:type\" content=\"article\" \/>\n<meta property=\"og:title\" content=\"Objectif : neutralit\u00e9 carbone - Haya Energy Solutions\" \/>\n<meta property=\"og:description\" content=\"Lors de notre dernier article sur le march\u00e9 carbone nous expliquions les diff\u00e9rentes phases du march\u00e9 ETS depuis sa mise en place en 2000 jusqu\u2019\u00e0 aujourd\u2019hui. En juin 2021, la Commission Europ\u00e9enne a publi\u00e9 le paquet \u00ab\u00a0Fit for 55\u00a0\u00bb, qui cible la r\u00e9duction des gaz \u00e0 effet de serre de -55% (par rapport \u00e0 1990) [&hellip;]\" \/>\n<meta property=\"og:url\" content=\"https:\/\/hayaenergy.com\/fr\/objectif-neutralite-carbone\/\" \/>\n<meta property=\"og:site_name\" content=\"Haya Energy Solutions\" \/>\n<meta property=\"article:published_time\" content=\"2021-09-15T09:24:05+00:00\" \/>\n<meta property=\"article:modified_time\" content=\"2021-09-15T12:58:15+00:00\" \/>\n<meta property=\"og:image\" content=\"https:\/\/hayaenergy.com\/wp-content\/uploads\/2021\/09\/Image_vf.jpg\" \/>\n\t<meta property=\"og:image:width\" content=\"1920\" \/>\n\t<meta property=\"og:image:height\" content=\"1280\" \/>\n\t<meta property=\"og:image:type\" content=\"image\/jpeg\" \/>\n<meta name=\"author\" content=\"HES\" \/>\n<meta name=\"twitter:card\" content=\"summary_large_image\" \/>\n<script type=\"application\/ld+json\" class=\"yoast-schema-graph\">{\"@context\":\"https:\/\/schema.org\",\"@graph\":[{\"@type\":[\"Article\",\"BlogPosting\"],\"@id\":\"https:\/\/hayaenergy.com\/fr\/objectif-neutralite-carbone\/#article\",\"isPartOf\":{\"@id\":\"https:\/\/hayaenergy.com\/fr\/objectif-neutralite-carbone\/\"},\"author\":{\"name\":\"HES\",\"@id\":\"https:\/\/hayaenergy.com\/fr\/#\/schema\/person\/47f0433cfee0ba473c80a759ca13440b\"},\"headline\":\"Objectif : neutralit\u00e9 carbone\",\"datePublished\":\"2021-09-15T09:24:05+00:00\",\"dateModified\":\"2021-09-15T12:58:15+00:00\",\"mainEntityOfPage\":{\"@id\":\"https:\/\/hayaenergy.com\/fr\/objectif-neutralite-carbone\/\"},\"wordCount\":1232,\"publisher\":{\"@id\":\"https:\/\/hayaenergy.com\/fr\/#organization\"},\"image\":{\"@id\":\"https:\/\/hayaenergy.com\/fr\/objectif-neutralite-carbone\/#primaryimage\"},\"thumbnailUrl\":\"https:\/\/hayaenergy.com\/wp-content\/uploads\/2021\/09\/Image_vf.jpg\",\"articleSection\":[\"Toutes les publications\"],\"inLanguage\":\"fr-FR\"},{\"@type\":[\"WebPage\",\"ItemPage\"],\"@id\":\"https:\/\/hayaenergy.com\/fr\/objectif-neutralite-carbone\/\",\"url\":\"https:\/\/hayaenergy.com\/fr\/objectif-neutralite-carbone\/\",\"name\":\"Objectif : neutralit\u00e9 carbone - Haya Energy Solutions\",\"isPartOf\":{\"@id\":\"https:\/\/hayaenergy.com\/fr\/#website\"},\"primaryImageOfPage\":{\"@id\":\"https:\/\/hayaenergy.com\/fr\/objectif-neutralite-carbone\/#primaryimage\"},\"image\":{\"@id\":\"https:\/\/hayaenergy.com\/fr\/objectif-neutralite-carbone\/#primaryimage\"},\"thumbnailUrl\":\"https:\/\/hayaenergy.com\/wp-content\/uploads\/2021\/09\/Image_vf.jpg\",\"datePublished\":\"2021-09-15T09:24:05+00:00\",\"dateModified\":\"2021-09-15T12:58:15+00:00\",\"breadcrumb\":{\"@id\":\"https:\/\/hayaenergy.com\/fr\/objectif-neutralite-carbone\/#breadcrumb\"},\"inLanguage\":\"fr-FR\",\"potentialAction\":[{\"@type\":\"ReadAction\",\"target\":[\"https:\/\/hayaenergy.com\/fr\/objectif-neutralite-carbone\/\"]}]},{\"@type\":\"ImageObject\",\"inLanguage\":\"fr-FR\",\"@id\":\"https:\/\/hayaenergy.com\/fr\/objectif-neutralite-carbone\/#primaryimage\",\"url\":\"https:\/\/hayaenergy.com\/wp-content\/uploads\/2021\/09\/Image_vf.jpg\",\"contentUrl\":\"https:\/\/hayaenergy.com\/wp-content\/uploads\/2021\/09\/Image_vf.jpg\",\"width\":1920,\"height\":1280},{\"@type\":\"BreadcrumbList\",\"@id\":\"https:\/\/hayaenergy.com\/fr\/objectif-neutralite-carbone\/#breadcrumb\",\"itemListElement\":[{\"@type\":\"ListItem\",\"position\":1,\"name\":\"Accueil\",\"item\":\"https:\/\/hayaenergy.com\/fr\/\"},{\"@type\":\"ListItem\",\"position\":2,\"name\":\"Objectif : neutralit\u00e9 carbone\"}]},{\"@type\":\"WebSite\",\"@id\":\"https:\/\/hayaenergy.com\/fr\/#website\",\"url\":\"https:\/\/hayaenergy.com\/fr\/\",\"name\":\"Haya Energy Solutions\",\"description\":\"Providers of tailor-made solutions for your energy projects\",\"publisher\":{\"@id\":\"https:\/\/hayaenergy.com\/fr\/#organization\"},\"potentialAction\":[{\"@type\":\"SearchAction\",\"target\":{\"@type\":\"EntryPoint\",\"urlTemplate\":\"https:\/\/hayaenergy.com\/fr\/?s={search_term_string}\"},\"query-input\":{\"@type\":\"PropertyValueSpecification\",\"valueRequired\":true,\"valueName\":\"search_term_string\"}}],\"inLanguage\":\"fr-FR\"},{\"@type\":\"Organization\",\"@id\":\"https:\/\/hayaenergy.com\/fr\/#organization\",\"name\":\"Haya Energy Solutions\",\"url\":\"https:\/\/hayaenergy.com\/fr\/\",\"logo\":{\"@type\":\"ImageObject\",\"inLanguage\":\"fr-FR\",\"@id\":\"https:\/\/hayaenergy.com\/fr\/#\/schema\/logo\/image\/\",\"url\":\"https:\/\/hayaenergy.com\/wp-content\/uploads\/2024\/02\/cropped-foto_cv-4.png\",\"contentUrl\":\"https:\/\/hayaenergy.com\/wp-content\/uploads\/2024\/02\/cropped-foto_cv-4.png\",\"width\":512,\"height\":512,\"caption\":\"Haya Energy Solutions\"},\"image\":{\"@id\":\"https:\/\/hayaenergy.com\/fr\/#\/schema\/logo\/image\/\"}},{\"@type\":\"Person\",\"@id\":\"https:\/\/hayaenergy.com\/fr\/#\/schema\/person\/47f0433cfee0ba473c80a759ca13440b\",\"name\":\"HES\",\"image\":{\"@type\":\"ImageObject\",\"inLanguage\":\"fr-FR\",\"@id\":\"https:\/\/hayaenergy.com\/fr\/#\/schema\/person\/image\/\",\"url\":\"https:\/\/secure.gravatar.com\/avatar\/35278a9d0f6e7e2dfa5f2be488535c67?s=96&d=mm&r=g\",\"contentUrl\":\"https:\/\/secure.gravatar.com\/avatar\/35278a9d0f6e7e2dfa5f2be488535c67?s=96&d=mm&r=g\",\"caption\":\"HES\"},\"sameAs\":[\"https:\/\/hayaenergy.com\",\"https:\/\/www.linkedin.com\/company\/haya-energy-solutions\/mycompany\/\"],\"url\":\"https:\/\/hayaenergy.com\/fr\/author\/admin4232\/\"}]}<\/script>\n<!-- \/ Yoast SEO plugin. -->","yoast_head_json":{"title":"Objectif : neutralit\u00e9 carbone - Haya Energy Solutions","robots":{"index":"index","follow":"follow","max-snippet":"max-snippet:-1","max-image-preview":"max-image-preview:large","max-video-preview":"max-video-preview:-1"},"canonical":"https:\/\/hayaenergy.com\/fr\/objectif-neutralite-carbone\/","og_locale":"fr_FR","og_type":"article","og_title":"Objectif : neutralit\u00e9 carbone - Haya Energy Solutions","og_description":"Lors de notre dernier article sur le march\u00e9 carbone nous expliquions les diff\u00e9rentes phases du march\u00e9 ETS depuis sa mise en place en 2000 jusqu\u2019\u00e0 aujourd\u2019hui. En juin 2021, la Commission Europ\u00e9enne a publi\u00e9 le paquet \u00ab\u00a0Fit for 55\u00a0\u00bb, qui cible la r\u00e9duction des gaz \u00e0 effet de serre de -55% (par rapport \u00e0 1990) [&hellip;]","og_url":"https:\/\/hayaenergy.com\/fr\/objectif-neutralite-carbone\/","og_site_name":"Haya Energy Solutions","article_published_time":"2021-09-15T09:24:05+00:00","article_modified_time":"2021-09-15T12:58:15+00:00","og_image":[{"width":1920,"height":1280,"url":"https:\/\/hayaenergy.com\/wp-content\/uploads\/2021\/09\/Image_vf.jpg","type":"image\/jpeg"}],"author":"HES","twitter_card":"summary_large_image","schema":{"@context":"https:\/\/schema.org","@graph":[{"@type":["Article","BlogPosting"],"@id":"https:\/\/hayaenergy.com\/fr\/objectif-neutralite-carbone\/#article","isPartOf":{"@id":"https:\/\/hayaenergy.com\/fr\/objectif-neutralite-carbone\/"},"author":{"name":"HES","@id":"https:\/\/hayaenergy.com\/fr\/#\/schema\/person\/47f0433cfee0ba473c80a759ca13440b"},"headline":"Objectif : neutralit\u00e9 carbone","datePublished":"2021-09-15T09:24:05+00:00","dateModified":"2021-09-15T12:58:15+00:00","mainEntityOfPage":{"@id":"https:\/\/hayaenergy.com\/fr\/objectif-neutralite-carbone\/"},"wordCount":1232,"publisher":{"@id":"https:\/\/hayaenergy.com\/fr\/#organization"},"image":{"@id":"https:\/\/hayaenergy.com\/fr\/objectif-neutralite-carbone\/#primaryimage"},"thumbnailUrl":"https:\/\/hayaenergy.com\/wp-content\/uploads\/2021\/09\/Image_vf.jpg","articleSection":["Toutes les publications"],"inLanguage":"fr-FR"},{"@type":["WebPage","ItemPage"],"@id":"https:\/\/hayaenergy.com\/fr\/objectif-neutralite-carbone\/","url":"https:\/\/hayaenergy.com\/fr\/objectif-neutralite-carbone\/","name":"Objectif : neutralit\u00e9 carbone - Haya Energy Solutions","isPartOf":{"@id":"https:\/\/hayaenergy.com\/fr\/#website"},"primaryImageOfPage":{"@id":"https:\/\/hayaenergy.com\/fr\/objectif-neutralite-carbone\/#primaryimage"},"image":{"@id":"https:\/\/hayaenergy.com\/fr\/objectif-neutralite-carbone\/#primaryimage"},"thumbnailUrl":"https:\/\/hayaenergy.com\/wp-content\/uploads\/2021\/09\/Image_vf.jpg","datePublished":"2021-09-15T09:24:05+00:00","dateModified":"2021-09-15T12:58:15+00:00","breadcrumb":{"@id":"https:\/\/hayaenergy.com\/fr\/objectif-neutralite-carbone\/#breadcrumb"},"inLanguage":"fr-FR","potentialAction":[{"@type":"ReadAction","target":["https:\/\/hayaenergy.com\/fr\/objectif-neutralite-carbone\/"]}]},{"@type":"ImageObject","inLanguage":"fr-FR","@id":"https:\/\/hayaenergy.com\/fr\/objectif-neutralite-carbone\/#primaryimage","url":"https:\/\/hayaenergy.com\/wp-content\/uploads\/2021\/09\/Image_vf.jpg","contentUrl":"https:\/\/hayaenergy.com\/wp-content\/uploads\/2021\/09\/Image_vf.jpg","width":1920,"height":1280},{"@type":"BreadcrumbList","@id":"https:\/\/hayaenergy.com\/fr\/objectif-neutralite-carbone\/#breadcrumb","itemListElement":[{"@type":"ListItem","position":1,"name":"Accueil","item":"https:\/\/hayaenergy.com\/fr\/"},{"@type":"ListItem","position":2,"name":"Objectif : neutralit\u00e9 carbone"}]},{"@type":"WebSite","@id":"https:\/\/hayaenergy.com\/fr\/#website","url":"https:\/\/hayaenergy.com\/fr\/","name":"Haya Energy Solutions","description":"Providers of tailor-made solutions for your energy projects","publisher":{"@id":"https:\/\/hayaenergy.com\/fr\/#organization"},"potentialAction":[{"@type":"SearchAction","target":{"@type":"EntryPoint","urlTemplate":"https:\/\/hayaenergy.com\/fr\/?s={search_term_string}"},"query-input":{"@type":"PropertyValueSpecification","valueRequired":true,"valueName":"search_term_string"}}],"inLanguage":"fr-FR"},{"@type":"Organization","@id":"https:\/\/hayaenergy.com\/fr\/#organization","name":"Haya Energy Solutions","url":"https:\/\/hayaenergy.com\/fr\/","logo":{"@type":"ImageObject","inLanguage":"fr-FR","@id":"https:\/\/hayaenergy.com\/fr\/#\/schema\/logo\/image\/","url":"https:\/\/hayaenergy.com\/wp-content\/uploads\/2024\/02\/cropped-foto_cv-4.png","contentUrl":"https:\/\/hayaenergy.com\/wp-content\/uploads\/2024\/02\/cropped-foto_cv-4.png","width":512,"height":512,"caption":"Haya Energy Solutions"},"image":{"@id":"https:\/\/hayaenergy.com\/fr\/#\/schema\/logo\/image\/"}},{"@type":"Person","@id":"https:\/\/hayaenergy.com\/fr\/#\/schema\/person\/47f0433cfee0ba473c80a759ca13440b","name":"HES","image":{"@type":"ImageObject","inLanguage":"fr-FR","@id":"https:\/\/hayaenergy.com\/fr\/#\/schema\/person\/image\/","url":"https:\/\/secure.gravatar.com\/avatar\/35278a9d0f6e7e2dfa5f2be488535c67?s=96&d=mm&r=g","contentUrl":"https:\/\/secure.gravatar.com\/avatar\/35278a9d0f6e7e2dfa5f2be488535c67?s=96&d=mm&r=g","caption":"HES"},"sameAs":["https:\/\/hayaenergy.com","https:\/\/www.linkedin.com\/company\/haya-energy-solutions\/mycompany\/"],"url":"https:\/\/hayaenergy.com\/fr\/author\/admin4232\/"}]}},"_links":{"self":[{"href":"https:\/\/hayaenergy.com\/fr\/wp-json\/wp\/v2\/posts\/6678"}],"collection":[{"href":"https:\/\/hayaenergy.com\/fr\/wp-json\/wp\/v2\/posts"}],"about":[{"href":"https:\/\/hayaenergy.com\/fr\/wp-json\/wp\/v2\/types\/post"}],"author":[{"embeddable":true,"href":"https:\/\/hayaenergy.com\/fr\/wp-json\/wp\/v2\/users\/1"}],"replies":[{"embeddable":true,"href":"https:\/\/hayaenergy.com\/fr\/wp-json\/wp\/v2\/comments?post=6678"}],"version-history":[{"count":5,"href":"https:\/\/hayaenergy.com\/fr\/wp-json\/wp\/v2\/posts\/6678\/revisions"}],"predecessor-version":[{"id":6697,"href":"https:\/\/hayaenergy.com\/fr\/wp-json\/wp\/v2\/posts\/6678\/revisions\/6697"}],"wp:featuredmedia":[{"embeddable":true,"href":"https:\/\/hayaenergy.com\/fr\/wp-json\/wp\/v2\/media\/6679"}],"wp:attachment":[{"href":"https:\/\/hayaenergy.com\/fr\/wp-json\/wp\/v2\/media?parent=6678"}],"wp:term":[{"taxonomy":"category","embeddable":true,"href":"https:\/\/hayaenergy.com\/fr\/wp-json\/wp\/v2\/categories?post=6678"},{"taxonomy":"post_tag","embeddable":true,"href":"https:\/\/hayaenergy.com\/fr\/wp-json\/wp\/v2\/tags?post=6678"}],"curies":[{"name":"wp","href":"https:\/\/api.w.org\/{rel}","templated":true}]}}